{"id":343,"date":"2025-12-21T19:18:01","date_gmt":"2025-12-21T18:18:01","guid":{"rendered":"https:\/\/eichenaupodcast.de\/?p=343"},"modified":"2025-12-29T17:54:15","modified_gmt":"2025-12-29T16:54:15","slug":"was-sich-die-eichenauer-wuenschen-wen-sie-gruessen-und-wie-das-eichenau-podcast-jahr-so-war","status":"publish","type":"post","link":"https:\/\/eichenaupodcast.de\/?p=343","title":{"rendered":"Was sich die Eichenauer w\u00fcnschen, wen sie gr\u00fc\u00dfen \u2013\u00a0und wie das \u00bbEichenau Podcast\u00ab-Jahr so war"},"content":{"rendered":"\n<figure class=\"wp-block-embed is-type-video is-provider-youtube wp-block-embed-youtube wp-embed-aspect-4-3 wp-has-aspect-ratio\"><div class=\"wp-block-embed__wrapper\">\n<iframe loading=\"lazy\" title=\"Die gro\u00dfe Weihnachtsfolge 2025: Gr\u00fc\u00dfe, W\u00fcnsche, Podcastr\u00fcckblick\" width=\"640\" height=\"480\" src=\"https:\/\/www.youtube.com\/embed\/m3719ixIidU?feature=oembed\" frameborder=\"0\" allow=\"accelerometer; autoplay; clipboard-write; encrypted-media; gyroscope; picture-in-picture; web-share\" referrerpolicy=\"strict-origin-when-cross-origin\" allowfullscreen><\/iframe>\n<\/div><\/figure>\n","protected":false},"excerpt":{"rendered":"","protected":false},"author":1,"featured_media":0,"comment_status":"open","ping_status":"open","sticky":false,"template":"","format":"standard","meta":{"footnotes":""},"categories":[],"tags":[],"class_list":["post-343","post","type-post","status-publish","format-standard","hentry"],"_links":{"self":[{"href":"https:\/\/eichenaupodcast.de\/index.php?rest_route=\/wp\/v2\/posts\/343","targetHints":{"allow":["GET"]}}],"collection":[{"href":"https:\/\/eichenaupodcast.de\/index.php?rest_route=\/wp\/v2\/posts"}],"about":[{"href":"https:\/\/eichenaupodcast.de\/index.php?rest_route=\/wp\/v2\/types\/post"}],"author":[{"embeddable":true,"href":"https:\/\/eichenaupodcast.de\/index.php?rest_route=\/wp\/v2\/users\/1"}],"replies":[{"embeddable":true,"href":"https:\/\/eichenaupodcast.de\/index.php?rest_route=%2Fwp%2Fv2%2Fcomments&post=343"}],"version-history":[{"count":2,"href":"https:\/\/eichenaupodcast.de\/index.php?rest_route=\/wp\/v2\/posts\/343\/revisions"}],"predecessor-version":[{"id":346,"href":"https:\/\/eichenaupodcast.de\/index.php?rest_route=\/wp\/v2\/posts\/343\/revisions\/346"}],"wp:attachment":[{"href":"https:\/\/eichenaupodcast.de\/index.php?rest_route=%2Fwp%2Fv2%2Fmedia&parent=343"}],"wp:term":[{"taxonomy":"category","embeddable":true,"href":"https:\/\/eichenaupodcast.de\/index.php?rest_route=%2Fwp%2Fv2%2Fcategories&post=343"},{"taxonomy":"post_tag","embeddable":true,"href":"https:\/\/eichenaupodcast.de\/index.php?rest_route=%2Fwp%2Fv2%2Ftags&post=343"}],"curies":[{"name":"wp","href":"https:\/\/api.w.org\/{rel}","templated":true}]}}